{"id":8700,"date":"2025-05-26T19:33:28","date_gmt":"2025-05-26T19:33:28","guid":{"rendered":"https:\/\/favor.hr\/?p=8700"},"modified":"2025-08-26T19:40:11","modified_gmt":"2025-08-26T19:40:11","slug":"novi-zakon-o-pristupacnosti-web-stranica-i-usluga-sto-trebate-znati","status":"publish","type":"post","link":"https:\/\/favor.hr\/en\/novi-zakon-o-pristupacnosti-web-stranica-i-usluga-sto-trebate-znati\/","title":{"rendered":"New Law on Web Accessibility \u2013 What You Need to Know"},"content":{"rendered":"In line with new European and Croatian legislation, starting from <strong>June 28, 2025<\/strong>, the <strong>Act on Accessibility Requirements for Products and Services (NN 89\/2025)<\/strong> will apply. Its goal is to ensure equal access to digital content for people with disabilities, the elderly, and other vulnerable groups of internet users.\r\n\r\nFor the public sector, schools, municipalities, and other institutions, obligations are already regulated by the <strong>Act on the Accessibility of Websites and Mobile Applications of Public Sector Bodies (NN 17\/2019)<\/strong>.\r\n<div contenteditable=\"false\">\r\n\r\n<hr \/>\r\n\r\n<\/div>\r\n<h3>Who is obliged?<\/h3>\r\n&#x1f3eb; <strong>Public institutions<\/strong> (schools, municipalities, cities&#8230;) \u2013 obligations already apply.\r\n&#x1f3e2; <strong>Companies that are not micro-enterprises<\/strong> \u2013 mandatory from 2025.\r\n&#x1f6cd;&#xfe0f; <strong>Webshops<\/strong> \u2013 mandatory if not micro-enterprises.\r\n&#x2139;&#xfe0f; <strong>Micro-enterprises<\/strong> (fewer than 10 employees and &lt; \u20ac2 million revenue\/assets) \u2013 not legally obliged, but adjustments are recommended for professionalism, SEO, and inclusivity.\r\n<div contenteditable=\"false\">\r\n\r\n<hr \/>\r\n\r\n<\/div>\r\n<h3>Overview of obligations by type of website<\/h3>\r\n<table>\r\n<tbody>\r\n<tr>\r\n<th>Obligation<\/th>\r\n<th>Public institutions<\/th>\r\n<th>Webshop<\/th>\r\n<th>Presentation website<\/th>\r\n<\/tr>\r\n<tr>\r\n<td>Accessibility plugin<\/td>\r\n<td>&#x2714;&#xfe0f;<\/td>\r\n<td>&#x2714;&#xfe0f;<\/td>\r\n<td>&#x2714;&#xfe0f;<\/td>\r\n<\/tr>\r\n<tr>\r\n<td>ALT image descriptions<\/td>\r\n<td>&#x2714;&#xfe0f;<\/td>\r\n<td>&#x2714;&#xfe0f;<\/td>\r\n<td>&#x2714;&#xfe0f;<\/td>\r\n<\/tr>\r\n<tr>\r\n<td>Semantic structure<\/td>\r\n<td>&#x2714;&#xfe0f;<\/td>\r\n<td>&#x2714;&#xfe0f;<\/td>\r\n<td>&#x2714;&#xfe0f;<\/td>\r\n<\/tr>\r\n<tr>\r\n<td>Keyboard focus \/ screen readers<\/td>\r\n<td>&#x2714;&#xfe0f;<\/td>\r\n<td>&#x2714;&#xfe0f;<\/td>\r\n<td>&#x2714;&#xfe0f;<\/td>\r\n<\/tr>\r\n<tr>\r\n<td>Accessibility statement<\/td>\r\n<td>&#x2714;&#xfe0f;<\/td>\r\n<td>&#x2714;&#xfe0f;<\/td>\r\n<td>&#x2714;&#xfe0f;<\/td>\r\n<\/tr>\r\n<tr>\r\n<td>Feedback form \/ email<\/td>\r\n<td>&#x2714;&#xfe0f;<\/td>\r\n<td>&#x2714;&#xfe0f;<\/td>\r\n<td>&#x2714;&#xfe0f;<\/td>\r\n<\/tr>\r\n<tr>\r\n<td>Accessible forms (contact\/login)<\/td>\r\n<td>&#x2714;&#xfe0f;<\/td>\r\n<td>&#x2714;&#xfe0f;<\/td>\r\n<td>&#x1f538; if applicable<\/td>\r\n<\/tr>\r\n<tr>\r\n<td>Checkout process<\/td>\r\n<td>&#x2716;&#xfe0f;<\/td>\r\n<td>&#x2714;&#xfe0f;<\/td>\r\n<td>&#x2716;&#xfe0f;<\/td>\r\n<\/tr>\r\n<tr>\r\n<td>JS elements (pop-up, AJAX)<\/td>\r\n<td>&#x1f538;<\/td>\r\n<td>&#x2714;&#xfe0f;<\/td>\r\n<td>&#x1f538;<\/td>\r\n<\/tr>\r\n<tr>\r\n<td>Accessible PDF documents<\/td>\r\n<td>&#x2714;&#xfe0f;<\/td>\r\n<td>&#x2714;&#xfe0f;<\/td>\r\n<td>&#x1f538; if applicable<\/td>\r\n<\/tr>\r\n<tr>\r\n<td>Maintenance and testing<\/td>\r\n<td>&#x1f538;<\/td>\r\n<td>&#x1f538;<\/td>\r\n<td>&#x1f538;<\/td>\r\n<\/tr>\r\n<\/tbody>\r\n<\/table>\r\n<div contenteditable=\"false\">\r\n\r\n<hr \/>\r\n\r\n<\/div>\r\n<h3>How we can help you<\/h3>\r\nAs your webmaster, <strong>Favor Informatika<\/strong> provides full support in technical and content adjustments:\r\n\r\n&#x1f527; Installing WordPress accessibility plugins\r\n&#x1f5bc;&#xfe0f; Adding ALT texts and semantic structure\r\n&#x1f4c4; Creating an Accessibility Statement and implementing a contact form\r\n&#x1f9ea; Testing with keyboard and screen readers (NVDA, VoiceOver)\r\n&#x1f4e5; Adjusting PDF and other documents\r\n<div contenteditable=\"false\">\r\n\r\n<hr \/>\r\n\r\n<\/div>\r\n&#x2696;&#xfe0f; <strong>Note:<\/strong>\r\nThis blog provides a simplified overview of obligations. If you are a larger business entity, we recommend consulting a lawyer for an exact interpretation of your legal status and obligations.\r\n\r\nWhether you are obliged by law or a micro-enterprise aiming to improve your website\u2019s quality and professionalism \u2013 feel free to contact us so we can analyze your needs and find the best solutions.","protected":false},"excerpt":{"rendered":"<p>In line with new European and Croatian legislation, starting from June 28, 2025, the Act on Accessibility Requirements for Products and Services (NN 89\/2025) will apply. Its goal is to ensure equal access to digital content for people with disabilities, the elderly, and other vulnerable groups of internet users. For the public sector, schools, municipalities, [&hellip;]<\/p>\n","protected":false},"author":1,"featured_media":8702,"comment_status":"closed","ping_status":"closed","sticky":false,"template":"","format":"standard","meta":{"_acf_changed":false,"footnotes":""},"categories":[18],"tags":[],"class_list":["post-8700","post","type-post","status-publish","format-standard","has-post-thumbnail","hentry","category-regulativa"],"acf":[],"yoast_head":"<!-- This site is optimized with the Yoast SEO plugin v27.4 - https:\/\/yoast.com\/product\/yoast-seo-wordpress\/ -->\n<title>Novi zakon o pristupa\u010dnosti web stranica i usluga<\/title>\n<meta name=\"description\" content=\"Novi zakon o pristupa\u010dnosti web stranica i usluga - cilj je omogu\u0107iti ravnopravan pristup digitalnim sadr\u017eajima svim ranjivim skupinama.\" \/>\n<meta name=\"robots\" content=\"index, follow, max-snippet:-1, max-image-preview:large, max-video-preview:-1\" \/>\n<link rel=\"canonical\" href=\"https:\/\/favor.hr\/novi-zakon-o-pristupacnosti-web-stranica-i-usluga-sto-trebate-znati\/\" \/>\n<meta property=\"og:locale\" content=\"en_US\" \/>\n<meta property=\"og:type\" content=\"article\" \/>\n<meta property=\"og:title\" content=\"Novi zakon o pristupa\u010dnosti web stranica i usluga\" \/>\n<meta property=\"og:description\" content=\"Novi zakon o pristupa\u010dnosti web stranica i usluga - cilj je omogu\u0107iti ravnopravan pristup digitalnim sadr\u017eajima svim ranjivim skupinama.\" \/>\n<meta property=\"og:url\" content=\"https:\/\/favor.hr\/novi-zakon-o-pristupacnosti-web-stranica-i-usluga-sto-trebate-znati\/\" \/>\n<meta property=\"og:site_name\" content=\"Favor Informatika\" \/>\n<meta property=\"article:published_time\" content=\"2025-05-26T19:33:28+00:00\" \/>\n<meta property=\"article:modified_time\" content=\"2025-08-26T19:40:11+00:00\" \/>\n<meta property=\"og:image\" content=\"https:\/\/favor.hr\/wp-content\/uploads\/2025\/08\/web-accessibility-program-abstract-concept-vector-illustration_107173-20997.png\" \/>\n\t<meta property=\"og:image:width\" content=\"740\" \/>\n\t<meta property=\"og:image:height\" content=\"740\" \/>\n\t<meta property=\"og:image:type\" content=\"image\/png\" \/>\n<meta name=\"author\" content=\"favoradmin\" \/>\n<meta name=\"twitter:card\" content=\"summary_large_image\" \/>\n<meta name=\"twitter:label1\" content=\"Written by\" \/>\n\t<meta name=\"twitter:data1\" content=\"favoradmin\" \/>\n\t<meta name=\"twitter:label2\" content=\"Est. reading time\" \/>\n\t<meta name=\"twitter:data2\" content=\"2 minutes\" \/>\n<script type=\"application\/ld+json\" class=\"yoast-schema-graph\">{\"@context\":\"https:\\\/\\\/schema.org\",\"@graph\":[{\"@type\":\"Article\",\"@id\":\"https:\\\/\\\/favor.hr\\\/novi-zakon-o-pristupacnosti-web-stranica-i-usluga-sto-trebate-znati\\\/#article\",\"isPartOf\":{\"@id\":\"https:\\\/\\\/favor.hr\\\/novi-zakon-o-pristupacnosti-web-stranica-i-usluga-sto-trebate-znati\\\/\"},\"author\":{\"name\":\"favoradmin\",\"@id\":\"https:\\\/\\\/favor.hr\\\/#\\\/schema\\\/person\\\/f0ca5c65e062680d23facb3cab956f1c\"},\"headline\":\"New Law on Web Accessibility \u2013 What You Need to Know\",\"datePublished\":\"2025-05-26T19:33:28+00:00\",\"dateModified\":\"2025-08-26T19:40:11+00:00\",\"mainEntityOfPage\":{\"@id\":\"https:\\\/\\\/favor.hr\\\/novi-zakon-o-pristupacnosti-web-stranica-i-usluga-sto-trebate-znati\\\/\"},\"wordCount\":1285,\"image\":{\"@id\":\"https:\\\/\\\/favor.hr\\\/novi-zakon-o-pristupacnosti-web-stranica-i-usluga-sto-trebate-znati\\\/#primaryimage\"},\"thumbnailUrl\":\"https:\\\/\\\/favor.hr\\\/wp-content\\\/uploads\\\/2025\\\/08\\\/web-accessibility-program-abstract-concept-vector-illustration_107173-20997.png\",\"articleSection\":[\"Regulativa\"],\"inLanguage\":\"en-US\"},{\"@type\":\"WebPage\",\"@id\":\"https:\\\/\\\/favor.hr\\\/novi-zakon-o-pristupacnosti-web-stranica-i-usluga-sto-trebate-znati\\\/\",\"url\":\"https:\\\/\\\/favor.hr\\\/novi-zakon-o-pristupacnosti-web-stranica-i-usluga-sto-trebate-znati\\\/\",\"name\":\"Novi zakon o pristupa\u010dnosti web stranica i usluga\",\"isPartOf\":{\"@id\":\"https:\\\/\\\/favor.hr\\\/#website\"},\"primaryImageOfPage\":{\"@id\":\"https:\\\/\\\/favor.hr\\\/novi-zakon-o-pristupacnosti-web-stranica-i-usluga-sto-trebate-znati\\\/#primaryimage\"},\"image\":{\"@id\":\"https:\\\/\\\/favor.hr\\\/novi-zakon-o-pristupacnosti-web-stranica-i-usluga-sto-trebate-znati\\\/#primaryimage\"},\"thumbnailUrl\":\"https:\\\/\\\/favor.hr\\\/wp-content\\\/uploads\\\/2025\\\/08\\\/web-accessibility-program-abstract-concept-vector-illustration_107173-20997.png\",\"datePublished\":\"2025-05-26T19:33:28+00:00\",\"dateModified\":\"2025-08-26T19:40:11+00:00\",\"author\":{\"@id\":\"https:\\\/\\\/favor.hr\\\/#\\\/schema\\\/person\\\/f0ca5c65e062680d23facb3cab956f1c\"},\"description\":\"Novi zakon o pristupa\u010dnosti web stranica i usluga - cilj je omogu\u0107iti ravnopravan pristup digitalnim sadr\u017eajima svim ranjivim skupinama.\",\"breadcrumb\":{\"@id\":\"https:\\\/\\\/favor.hr\\\/novi-zakon-o-pristupacnosti-web-stranica-i-usluga-sto-trebate-znati\\\/#breadcrumb\"},\"inLanguage\":\"en-US\",\"potentialAction\":[{\"@type\":\"ReadAction\",\"target\":[\"https:\\\/\\\/favor.hr\\\/novi-zakon-o-pristupacnosti-web-stranica-i-usluga-sto-trebate-znati\\\/\"]}]},{\"@type\":\"ImageObject\",\"inLanguage\":\"en-US\",\"@id\":\"https:\\\/\\\/favor.hr\\\/novi-zakon-o-pristupacnosti-web-stranica-i-usluga-sto-trebate-znati\\\/#primaryimage\",\"url\":\"https:\\\/\\\/favor.hr\\\/wp-content\\\/uploads\\\/2025\\\/08\\\/web-accessibility-program-abstract-concept-vector-illustration_107173-20997.png\",\"contentUrl\":\"https:\\\/\\\/favor.hr\\\/wp-content\\\/uploads\\\/2025\\\/08\\\/web-accessibility-program-abstract-concept-vector-illustration_107173-20997.png\",\"width\":740,\"height\":740,\"caption\":\"web accessibility program abstract concept vector illustration 107173 20997\"},{\"@type\":\"BreadcrumbList\",\"@id\":\"https:\\\/\\\/favor.hr\\\/novi-zakon-o-pristupacnosti-web-stranica-i-usluga-sto-trebate-znati\\\/#breadcrumb\",\"itemListElement\":[{\"@type\":\"ListItem\",\"position\":1,\"name\":\"Po\u010detna stranica\",\"item\":\"https:\\\/\\\/favor.hr\\\/\"},{\"@type\":\"ListItem\",\"position\":2,\"name\":\"Novi zakon o pristupa\u010dnosti web stranica i usluga \u2013 \u0161to trebate znati\"}]},{\"@type\":\"WebSite\",\"@id\":\"https:\\\/\\\/favor.hr\\\/#website\",\"url\":\"https:\\\/\\\/favor.hr\\\/\",\"name\":\"Favor Informatika\",\"description\":\"Obrt za informati\u010dke usluge\",\"potentialAction\":[{\"@type\":\"SearchAction\",\"target\":{\"@type\":\"EntryPoint\",\"urlTemplate\":\"https:\\\/\\\/favor.hr\\\/?s={search_term_string}\"},\"query-input\":{\"@type\":\"PropertyValueSpecification\",\"valueRequired\":true,\"valueName\":\"search_term_string\"}}],\"inLanguage\":\"en-US\"},{\"@type\":\"Person\",\"@id\":\"https:\\\/\\\/favor.hr\\\/#\\\/schema\\\/person\\\/f0ca5c65e062680d23facb3cab956f1c\",\"name\":\"favoradmin\",\"sameAs\":[\"https:\\\/\\\/novo.favor.hr\"],\"url\":\"https:\\\/\\\/favor.hr\\\/en\\\/author\\\/favoradmin\\\/\"}]}<\/script>\n<!-- \/ Yoast SEO plugin. -->","yoast_head_json":{"title":"Novi zakon o pristupa\u010dnosti web stranica i usluga","description":"Novi zakon o pristupa\u010dnosti web stranica i usluga - cilj je omogu\u0107iti ravnopravan pristup digitalnim sadr\u017eajima svim ranjivim skupinama.","robots":{"index":"index","follow":"follow","max-snippet":"max-snippet:-1","max-image-preview":"max-image-preview:large","max-video-preview":"max-video-preview:-1"},"canonical":"https:\/\/favor.hr\/novi-zakon-o-pristupacnosti-web-stranica-i-usluga-sto-trebate-znati\/","og_locale":"en_US","og_type":"article","og_title":"Novi zakon o pristupa\u010dnosti web stranica i usluga","og_description":"Novi zakon o pristupa\u010dnosti web stranica i usluga - cilj je omogu\u0107iti ravnopravan pristup digitalnim sadr\u017eajima svim ranjivim skupinama.","og_url":"https:\/\/favor.hr\/novi-zakon-o-pristupacnosti-web-stranica-i-usluga-sto-trebate-znati\/","og_site_name":"Favor Informatika","article_published_time":"2025-05-26T19:33:28+00:00","article_modified_time":"2025-08-26T19:40:11+00:00","og_image":[{"width":740,"height":740,"url":"https:\/\/favor.hr\/wp-content\/uploads\/2025\/08\/web-accessibility-program-abstract-concept-vector-illustration_107173-20997.png","type":"image\/png"}],"author":"favoradmin","twitter_card":"summary_large_image","twitter_misc":{"Written by":"favoradmin","Est. reading time":"2 minutes"},"schema":{"@context":"https:\/\/schema.org","@graph":[{"@type":"Article","@id":"https:\/\/favor.hr\/novi-zakon-o-pristupacnosti-web-stranica-i-usluga-sto-trebate-znati\/#article","isPartOf":{"@id":"https:\/\/favor.hr\/novi-zakon-o-pristupacnosti-web-stranica-i-usluga-sto-trebate-znati\/"},"author":{"name":"favoradmin","@id":"https:\/\/favor.hr\/#\/schema\/person\/f0ca5c65e062680d23facb3cab956f1c"},"headline":"New Law on Web Accessibility \u2013 What You Need to Know","datePublished":"2025-05-26T19:33:28+00:00","dateModified":"2025-08-26T19:40:11+00:00","mainEntityOfPage":{"@id":"https:\/\/favor.hr\/novi-zakon-o-pristupacnosti-web-stranica-i-usluga-sto-trebate-znati\/"},"wordCount":1285,"image":{"@id":"https:\/\/favor.hr\/novi-zakon-o-pristupacnosti-web-stranica-i-usluga-sto-trebate-znati\/#primaryimage"},"thumbnailUrl":"https:\/\/favor.hr\/wp-content\/uploads\/2025\/08\/web-accessibility-program-abstract-concept-vector-illustration_107173-20997.png","articleSection":["Regulativa"],"inLanguage":"en-US"},{"@type":"WebPage","@id":"https:\/\/favor.hr\/novi-zakon-o-pristupacnosti-web-stranica-i-usluga-sto-trebate-znati\/","url":"https:\/\/favor.hr\/novi-zakon-o-pristupacnosti-web-stranica-i-usluga-sto-trebate-znati\/","name":"Novi zakon o pristupa\u010dnosti web stranica i usluga","isPartOf":{"@id":"https:\/\/favor.hr\/#website"},"primaryImageOfPage":{"@id":"https:\/\/favor.hr\/novi-zakon-o-pristupacnosti-web-stranica-i-usluga-sto-trebate-znati\/#primaryimage"},"image":{"@id":"https:\/\/favor.hr\/novi-zakon-o-pristupacnosti-web-stranica-i-usluga-sto-trebate-znati\/#primaryimage"},"thumbnailUrl":"https:\/\/favor.hr\/wp-content\/uploads\/2025\/08\/web-accessibility-program-abstract-concept-vector-illustration_107173-20997.png","datePublished":"2025-05-26T19:33:28+00:00","dateModified":"2025-08-26T19:40:11+00:00","author":{"@id":"https:\/\/favor.hr\/#\/schema\/person\/f0ca5c65e062680d23facb3cab956f1c"},"description":"Novi zakon o pristupa\u010dnosti web stranica i usluga - cilj je omogu\u0107iti ravnopravan pristup digitalnim sadr\u017eajima svim ranjivim skupinama.","breadcrumb":{"@id":"https:\/\/favor.hr\/novi-zakon-o-pristupacnosti-web-stranica-i-usluga-sto-trebate-znati\/#breadcrumb"},"inLanguage":"en-US","potentialAction":[{"@type":"ReadAction","target":["https:\/\/favor.hr\/novi-zakon-o-pristupacnosti-web-stranica-i-usluga-sto-trebate-znati\/"]}]},{"@type":"ImageObject","inLanguage":"en-US","@id":"https:\/\/favor.hr\/novi-zakon-o-pristupacnosti-web-stranica-i-usluga-sto-trebate-znati\/#primaryimage","url":"https:\/\/favor.hr\/wp-content\/uploads\/2025\/08\/web-accessibility-program-abstract-concept-vector-illustration_107173-20997.png","contentUrl":"https:\/\/favor.hr\/wp-content\/uploads\/2025\/08\/web-accessibility-program-abstract-concept-vector-illustration_107173-20997.png","width":740,"height":740,"caption":"web accessibility program abstract concept vector illustration 107173 20997"},{"@type":"BreadcrumbList","@id":"https:\/\/favor.hr\/novi-zakon-o-pristupacnosti-web-stranica-i-usluga-sto-trebate-znati\/#breadcrumb","itemListElement":[{"@type":"ListItem","position":1,"name":"Po\u010detna stranica","item":"https:\/\/favor.hr\/"},{"@type":"ListItem","position":2,"name":"Novi zakon o pristupa\u010dnosti web stranica i usluga \u2013 \u0161to trebate znati"}]},{"@type":"WebSite","@id":"https:\/\/favor.hr\/#website","url":"https:\/\/favor.hr\/","name":"Favor Informatika","description":"Obrt za informati\u010dke usluge","potentialAction":[{"@type":"SearchAction","target":{"@type":"EntryPoint","urlTemplate":"https:\/\/favor.hr\/?s={search_term_string}"},"query-input":{"@type":"PropertyValueSpecification","valueRequired":true,"valueName":"search_term_string"}}],"inLanguage":"en-US"},{"@type":"Person","@id":"https:\/\/favor.hr\/#\/schema\/person\/f0ca5c65e062680d23facb3cab956f1c","name":"favoradmin","sameAs":["https:\/\/novo.favor.hr"],"url":"https:\/\/favor.hr\/en\/author\/favoradmin\/"}]}},"_links":{"self":[{"href":"https:\/\/favor.hr\/en\/wp-json\/wp\/v2\/posts\/8700","targetHints":{"allow":["GET"]}}],"collection":[{"href":"https:\/\/favor.hr\/en\/wp-json\/wp\/v2\/posts"}],"about":[{"href":"https:\/\/favor.hr\/en\/wp-json\/wp\/v2\/types\/post"}],"author":[{"embeddable":true,"href":"https:\/\/favor.hr\/en\/wp-json\/wp\/v2\/users\/1"}],"replies":[{"embeddable":true,"href":"https:\/\/favor.hr\/en\/wp-json\/wp\/v2\/comments?post=8700"}],"version-history":[{"count":3,"href":"https:\/\/favor.hr\/en\/wp-json\/wp\/v2\/posts\/8700\/revisions"}],"predecessor-version":[{"id":8704,"href":"https:\/\/favor.hr\/en\/wp-json\/wp\/v2\/posts\/8700\/revisions\/8704"}],"wp:featuredmedia":[{"embeddable":true,"href":"https:\/\/favor.hr\/en\/wp-json\/wp\/v2\/media\/8702"}],"wp:attachment":[{"href":"https:\/\/favor.hr\/en\/wp-json\/wp\/v2\/media?parent=8700"}],"wp:term":[{"taxonomy":"category","embeddable":true,"href":"https:\/\/favor.hr\/en\/wp-json\/wp\/v2\/categories?post=8700"},{"taxonomy":"post_tag","embeddable":true,"href":"https:\/\/favor.hr\/en\/wp-json\/wp\/v2\/tags?post=8700"}],"curies":[{"name":"wp","href":"https:\/\/api.w.org\/{rel}","templated":true}]}}