{"id":6820,"date":"2021-02-12T17:25:20","date_gmt":"2021-02-12T17:25:20","guid":{"rendered":"https:\/\/novo.favor.hr\/?p=6820"},"modified":"2021-06-13T10:39:24","modified_gmt":"2021-06-13T10:39:24","slug":"sto-moram-imati-na-web-stranicama-a-da-sam-uskladen-sa-zakonom-o-zastiti-osobnih-podataka-gdpr-om","status":"publish","type":"post","link":"https:\/\/favor.hr\/en\/sto-moram-imati-na-web-stranicama-a-da-sam-uskladen-sa-zakonom-o-zastiti-osobnih-podataka-gdpr-om\/","title":{"rendered":"GDPR?! \u0160to moram imati na web stranicama, a da sam uskla\u0111en sa Zakonom o za\u0161titi osobnih podataka (GDPR-om)?"},"content":{"rendered":"<h2>\u0160to moram imati na web stranicama, a da sam uskla\u0111en sa <a href=\"https:\/\/www.zakon.hr\/z\/1021\/Op%C4%87a-uredba-o-za%C5%A1titi-podataka---Uredba-%28EU%29-2016-679\" target=\"_blank\" rel=\"noopener\">Zakonom o za\u0161titi osobnih podataka<\/a> (GDPR-om)?<\/h2>\r\n<strong>GDPR\u00a0<\/strong>(General Data Protection Regulation) je EU direktiva koja <strong>regulira za\u0161titu osobnih podataka EU gra\u0111ana.<\/strong>\r\n\r\nOva regulativa koju skra\u010deno zovemo GDPR zahtijeva da\u00a0<strong>sve web stranice<\/strong>\u00a0moraju imati:\r\n<ul>\r\n \t<li>jasno napisana\u00a0<strong>pravila o privatnosti<\/strong> koja opisuju na koji na\u010din se prikupljaju podaci<\/li>\r\n \t<li>ako koristite tzv. cookies, treba obavijesti korisnika i omogu\u0107iti mu da d\u00e2 privolu za iste<\/li>\r\n \t<li>ako se prikupljaju osobni podaci npr. u web shopu, portalu i sl. treba omogu\u0107iti korisniku brz i jednostavan pregled njegovih osobnih podataka<\/li>\r\n \t<li>na obrasce za registraciju novih newsletter pretplatnika, za kontakt i sli\u010dno, treba dodati privole<\/li>\r\n \t<li>ako imamo ve\u0107 prikupljene osobne podatke, a nemamo privolu, treba ih izbrisati ili prije kori\u0161tenja jo\u0161 jednom pitati za privolu.<\/li>\r\n<\/ul>\r\n&nbsp;\r\n<h3>Pravila privatnosti<\/h3>\r\nVezano za pravila privatnosti preporu\u010dujemo Vam da se napravi jo\u0161 jedna nova web stranica na kojoj \u0107ete na jednostavan na\u010din opisati korisniku na koji na\u010din sakupljate, obra\u0111ujete i skladi\u0161tite njegove podatke, te koja prava imaju vezano za njih.\r\n\r\nJasno treba nazna\u010diti korisniku kako mo\u017ee promijeniti ili zatra\u017eiti brisanje svojih podataka.\r\n\r\nTekst o pravilima privatnosti mo\u017ee biti dio \u201eOp\u0107ih uvjeta poslovanja\u201c, ako ih ve\u0107 imate ili mo\u017ee biti zaseban dokument, odnosno web stranica. Link na tu stranicu stavite u izbornik na vrhu ili na dnu stranice.\r\n\r\n\u0160to bi sve trebali nazna\u010diti u Pravilima privatnosti?\r\n<ol>\r\n \t<li>Podatke poduze\u0107a, ime osobe zadu\u017eene za kontrolu podataka<\/li>\r\n \t<li>Koje podatke prikupljate i \u0161to radite s njima<\/li>\r\n \t<li>Ako dijelite, s kime dijelite podatke korisnika<\/li>\r\n \t<li>Koliko dugo \u010duvate prikupljene podatke<\/li>\r\n \t<li>Korisnicima jasno navedite da bilo kada mogu povu\u0107i svoju privolu za obra\u0111ivanje vlastitih podataka<\/li>\r\n \t<li>Ima li ikakvih implikacija ako korisnici odbiju dati privolu za obra\u0111ivanje podataka<\/li>\r\n \t<li>Na koji na\u010din koristite kola\u010di\u0107e<\/li>\r\n \t<li>Na koji na\u010din koristite Google Analytics (ako koristite)<\/li>\r\n \t<li>Na koji na\u010din koristite aplikacije tre\u0107ih strana koje obra\u0111uju osobne podatke<\/li>\r\n \t<li>Kontakt osoba kojoj se mogu slati pritu\u017ebe.<\/li>\r\n<\/ol>\r\nNa ovom linku mo\u017eete pogledati na\u0161a pravila privatnosti, a sada gotovo na svim web stranicama ozbiljnijih organizacija mo\u017eete prona\u0107i sli\u010dne.\r\n\r\n&nbsp;\r\n\r\nTaman kad pomislite da je kraj\u2026\r\n\r\n&nbsp;\r\n<h3>Zakon o elektroni\u010dkoj trgovini<\/h3>\r\n\u2026nije. Zakon o elektroni\u010dkoj trgovini ka\u017ee da davatelj usluga informacijskog dru\u0161tva mora u obliku i na na\u010din koji je neposredno i stalno dostupan korisnicima i nadle\u017enim tijelima dr\u017eavne uprave Republike Hrvatske, pru\u017eiti informacije.\r\n\r\n&nbsp;\r\n\r\nUsluga informacijskog dru\u0161tva \u2013 usluga koja se uz naknadu pru\u017ea elektroni\u010dkim putem na individualni zahtjev korisnika, a posebno Internet prodaja robe i usluga, nu\u0111enje podataka na Internetu, reklamiranje putem Interneta, elektroni\u010dki pretra\u017eiva\u010di, te mogu\u0107nost tra\u017eenja podataka i usluga koje se prenose elektroni\u010dkom mre\u017eom, posreduju u pristupu mre\u017ei ili pohranjuju podatke korisnika (Zakon o elektroni\u010dkoj trgovini)\r\n\r\n&nbsp;\r\n\r\nPrema spomenutom propisu davatelj usluga informacijskog dru\u0161tva mora u\u010diniti dostupnima informacije kao \u0161to su:\r\n\r\n\u2013 ime i prezime ili tvrtka davatelja usluga,\r\n\r\n\u2013 sjedi\u0161te obrta ili sjedi\u0161te pravne osobe davatelja usluga,\r\n\r\n\u2013 ostale podatke o davatelju usluga na temelju kojih korisnik mo\u017ee brzo i nesmetano stupiti s njim u vezu, uklju\u010duju\u0107i elektroni\u010dku adresu putem koje je mogu\u0107e uspostaviti izravan kontakt,\r\n\r\n\u2013 broj sudskog ili drugoga javnog registra u koji je davatelj usluga upisan, te podatke o registru,\r\n\r\n\u2013 pojedinosti o nadle\u017enom tijelu, ako djelatnost davatelja usluga podlije\u017ee slu\u017ebenom nadzoru,\r\n\r\n\u2013 u pogledu posebno reguliranih djelatnosti\/profesija:\r\n<ul>\r\n \t<li>profesionalna ili sli\u010dna institucija kod koje je davatelj usluga registriran,<\/li>\r\n \t<li>profesionalni naziv i zemlja koja ga je odobrila,<\/li>\r\n \t<li>uputa o profesionalnim pravilima u zemlji u kojoj se obavlja djelatnost i mjestu njihove dostupnosti,<\/li>\r\n<\/ul>\r\n\u2013 porezni broj ako je davatelj usluga obveznik pla\u0107anja poreza na dodanu vrijednost.\r\n\r\n&nbsp;\r\n\r\nAko davatelj usluga prikazuje cijene, one moraju biti jasno i nedvosmisleno nazna\u010dene, a posebno se mora nazna\u010diti jesu li u prikazane cijene uklju\u010deni tro\u0161kovi dostave, ostali manipulativni tro\u0161kovi, porez i drugi tro\u0161kovi koji na bilo koji na\u010din utje\u010du na prikazanu cijenu.\r\n\r\nZa bilo koju pomo\u0107 po ovom pitanju, slobodno nas <a href=\"https:\/\/favor.hr\/contact-us\/\">kontaktirajte.<\/a>","protected":false},"excerpt":{"rendered":"<p>\u0160to moram imati na web stranicama, a da sam uskla\u0111en sa Zakonom o za\u0161titi osobnih podataka (GDPR-om)? GDPR\u00a0(General Data Protection Regulation) je EU direktiva koja regulira za\u0161titu osobnih podataka EU gra\u0111ana. Ova regulativa koju skra\u010deno zovemo GDPR zahtijeva da\u00a0sve web stranice\u00a0moraju imati: jasno napisana\u00a0pravila o privatnosti koja opisuju na koji na\u010din se prikupljaju podaci ako [&hellip;]<\/p>\n","protected":false},"author":1,"featured_media":6854,"comment_status":"open","ping_status":"open","sticky":false,"template":"","format":"standard","meta":{"_acf_changed":false,"footnotes":""},"categories":[19,18],"tags":[],"class_list":["post-6820","post","type-post","status-publish","format-standard","has-post-thumbnail","hentry","category-izrada-web-stranice","category-regulativa"],"acf":[],"yoast_head":"<!-- This site is optimized with the Yoast SEO plugin v27.4 - https:\/\/yoast.com\/product\/yoast-seo-wordpress\/ -->\n<title>GDPR \u0160to moram imati na web stranicama a da sam u skladu sa zakonom<\/title>\n<meta name=\"description\" content=\"GDPR\u00a0(General Data Protection Regulation) je EU direktiva koja regulira za\u0161titu osobnih podataka EU gra\u0111ana. Pro\u010ditajte vi\u0161e.\" \/>\n<meta name=\"robots\" content=\"index, follow, max-snippet:-1, max-image-preview:large, max-video-preview:-1\" \/>\n<link rel=\"canonical\" href=\"https:\/\/favor.hr\/en\/sto-moram-imati-na-web-stranicama-a-da-sam-uskladen-sa-zakonom-o-zastiti-osobnih-podataka-gdpr-om\/\" \/>\n<meta property=\"og:locale\" content=\"en_US\" \/>\n<meta property=\"og:type\" content=\"article\" \/>\n<meta property=\"og:title\" content=\"GDPR \u0160to moram imati na web stranicama a da sam u skladu sa zakonom\" \/>\n<meta property=\"og:description\" content=\"GDPR\u00a0(General Data Protection Regulation) je EU direktiva koja regulira za\u0161titu osobnih podataka EU gra\u0111ana. Pro\u010ditajte vi\u0161e.\" \/>\n<meta property=\"og:url\" content=\"https:\/\/favor.hr\/en\/sto-moram-imati-na-web-stranicama-a-da-sam-uskladen-sa-zakonom-o-zastiti-osobnih-podataka-gdpr-om\/\" \/>\n<meta property=\"og:site_name\" content=\"Favor Informatika\" \/>\n<meta property=\"article:published_time\" content=\"2021-02-12T17:25:20+00:00\" \/>\n<meta property=\"article:modified_time\" content=\"2021-06-13T10:39:24+00:00\" \/>\n<meta property=\"og:image\" content=\"https:\/\/favor.hr\/wp-content\/uploads\/2021\/02\/computer-3233754_640.jpg\" \/>\n\t<meta property=\"og:image:width\" content=\"640\" \/>\n\t<meta property=\"og:image:height\" content=\"426\" \/>\n\t<meta property=\"og:image:type\" content=\"image\/jpeg\" \/>\n<meta name=\"author\" content=\"favoradmin\" \/>\n<meta name=\"twitter:card\" content=\"summary_large_image\" \/>\n<meta name=\"twitter:label1\" content=\"Written by\" \/>\n\t<meta name=\"twitter:data1\" content=\"favoradmin\" \/>\n\t<meta name=\"twitter:label2\" content=\"Est. reading time\" \/>\n\t<meta name=\"twitter:data2\" content=\"3 minutes\" \/>\n<script type=\"application\/ld+json\" class=\"yoast-schema-graph\">{\"@context\":\"https:\\\/\\\/schema.org\",\"@graph\":[{\"@type\":\"Article\",\"@id\":\"https:\\\/\\\/favor.hr\\\/en\\\/sto-moram-imati-na-web-stranicama-a-da-sam-uskladen-sa-zakonom-o-zastiti-osobnih-podataka-gdpr-om\\\/#article\",\"isPartOf\":{\"@id\":\"https:\\\/\\\/favor.hr\\\/en\\\/sto-moram-imati-na-web-stranicama-a-da-sam-uskladen-sa-zakonom-o-zastiti-osobnih-podataka-gdpr-om\\\/\"},\"author\":{\"name\":\"favoradmin\",\"@id\":\"https:\\\/\\\/favor.hr\\\/#\\\/schema\\\/person\\\/f0ca5c65e062680d23facb3cab956f1c\"},\"headline\":\"GDPR?! \u0160to moram imati na web stranicama, a da sam uskla\u0111en sa Zakonom o za\u0161titi osobnih podataka (GDPR-om)?\",\"datePublished\":\"2021-02-12T17:25:20+00:00\",\"dateModified\":\"2021-06-13T10:39:24+00:00\",\"mainEntityOfPage\":{\"@id\":\"https:\\\/\\\/favor.hr\\\/en\\\/sto-moram-imati-na-web-stranicama-a-da-sam-uskladen-sa-zakonom-o-zastiti-osobnih-podataka-gdpr-om\\\/\"},\"wordCount\":2126,\"commentCount\":0,\"image\":{\"@id\":\"https:\\\/\\\/favor.hr\\\/en\\\/sto-moram-imati-na-web-stranicama-a-da-sam-uskladen-sa-zakonom-o-zastiti-osobnih-podataka-gdpr-om\\\/#primaryimage\"},\"thumbnailUrl\":\"https:\\\/\\\/favor.hr\\\/wp-content\\\/uploads\\\/2021\\\/02\\\/computer-3233754_640.jpg\",\"articleSection\":[\"Izrada web stranice\",\"Regulativa\"],\"inLanguage\":\"en-US\"},{\"@type\":\"WebPage\",\"@id\":\"https:\\\/\\\/favor.hr\\\/en\\\/sto-moram-imati-na-web-stranicama-a-da-sam-uskladen-sa-zakonom-o-zastiti-osobnih-podataka-gdpr-om\\\/\",\"url\":\"https:\\\/\\\/favor.hr\\\/en\\\/sto-moram-imati-na-web-stranicama-a-da-sam-uskladen-sa-zakonom-o-zastiti-osobnih-podataka-gdpr-om\\\/\",\"name\":\"GDPR \u0160to moram imati na web stranicama a da sam u skladu sa zakonom\",\"isPartOf\":{\"@id\":\"https:\\\/\\\/favor.hr\\\/#website\"},\"primaryImageOfPage\":{\"@id\":\"https:\\\/\\\/favor.hr\\\/en\\\/sto-moram-imati-na-web-stranicama-a-da-sam-uskladen-sa-zakonom-o-zastiti-osobnih-podataka-gdpr-om\\\/#primaryimage\"},\"image\":{\"@id\":\"https:\\\/\\\/favor.hr\\\/en\\\/sto-moram-imati-na-web-stranicama-a-da-sam-uskladen-sa-zakonom-o-zastiti-osobnih-podataka-gdpr-om\\\/#primaryimage\"},\"thumbnailUrl\":\"https:\\\/\\\/favor.hr\\\/wp-content\\\/uploads\\\/2021\\\/02\\\/computer-3233754_640.jpg\",\"datePublished\":\"2021-02-12T17:25:20+00:00\",\"dateModified\":\"2021-06-13T10:39:24+00:00\",\"author\":{\"@id\":\"https:\\\/\\\/favor.hr\\\/#\\\/schema\\\/person\\\/f0ca5c65e062680d23facb3cab956f1c\"},\"description\":\"GDPR\u00a0(General Data Protection Regulation) je EU direktiva koja regulira za\u0161titu osobnih podataka EU gra\u0111ana. Pro\u010ditajte vi\u0161e.\",\"breadcrumb\":{\"@id\":\"https:\\\/\\\/favor.hr\\\/en\\\/sto-moram-imati-na-web-stranicama-a-da-sam-uskladen-sa-zakonom-o-zastiti-osobnih-podataka-gdpr-om\\\/#breadcrumb\"},\"inLanguage\":\"en-US\",\"potentialAction\":[{\"@type\":\"ReadAction\",\"target\":[\"https:\\\/\\\/favor.hr\\\/en\\\/sto-moram-imati-na-web-stranicama-a-da-sam-uskladen-sa-zakonom-o-zastiti-osobnih-podataka-gdpr-om\\\/\"]}]},{\"@type\":\"ImageObject\",\"inLanguage\":\"en-US\",\"@id\":\"https:\\\/\\\/favor.hr\\\/en\\\/sto-moram-imati-na-web-stranicama-a-da-sam-uskladen-sa-zakonom-o-zastiti-osobnih-podataka-gdpr-om\\\/#primaryimage\",\"url\":\"https:\\\/\\\/favor.hr\\\/wp-content\\\/uploads\\\/2021\\\/02\\\/computer-3233754_640.jpg\",\"contentUrl\":\"https:\\\/\\\/favor.hr\\\/wp-content\\\/uploads\\\/2021\\\/02\\\/computer-3233754_640.jpg\",\"width\":640,\"height\":426,\"caption\":\"computer 3233754 640\"},{\"@type\":\"BreadcrumbList\",\"@id\":\"https:\\\/\\\/favor.hr\\\/en\\\/sto-moram-imati-na-web-stranicama-a-da-sam-uskladen-sa-zakonom-o-zastiti-osobnih-podataka-gdpr-om\\\/#breadcrumb\",\"itemListElement\":[{\"@type\":\"ListItem\",\"position\":1,\"name\":\"Po\u010detna stranica\",\"item\":\"https:\\\/\\\/favor.hr\\\/\"},{\"@type\":\"ListItem\",\"position\":2,\"name\":\"GDPR?! \u0160to moram imati na web stranicama, a da sam uskla\u0111en sa Zakonom o za\u0161titi osobnih podataka (GDPR-om)?\"}]},{\"@type\":\"WebSite\",\"@id\":\"https:\\\/\\\/favor.hr\\\/#website\",\"url\":\"https:\\\/\\\/favor.hr\\\/\",\"name\":\"Favor Informatika\",\"description\":\"Obrt za informati\u010dke usluge\",\"potentialAction\":[{\"@type\":\"SearchAction\",\"target\":{\"@type\":\"EntryPoint\",\"urlTemplate\":\"https:\\\/\\\/favor.hr\\\/?s={search_term_string}\"},\"query-input\":{\"@type\":\"PropertyValueSpecification\",\"valueRequired\":true,\"valueName\":\"search_term_string\"}}],\"inLanguage\":\"en-US\"},{\"@type\":\"Person\",\"@id\":\"https:\\\/\\\/favor.hr\\\/#\\\/schema\\\/person\\\/f0ca5c65e062680d23facb3cab956f1c\",\"name\":\"favoradmin\",\"sameAs\":[\"https:\\\/\\\/novo.favor.hr\"],\"url\":\"https:\\\/\\\/favor.hr\\\/en\\\/author\\\/favoradmin\\\/\"}]}<\/script>\n<!-- \/ Yoast SEO plugin. -->","yoast_head_json":{"title":"GDPR \u0160to moram imati na web stranicama a da sam u skladu sa zakonom","description":"GDPR\u00a0(General Data Protection Regulation) je EU direktiva koja regulira za\u0161titu osobnih podataka EU gra\u0111ana. Pro\u010ditajte vi\u0161e.","robots":{"index":"index","follow":"follow","max-snippet":"max-snippet:-1","max-image-preview":"max-image-preview:large","max-video-preview":"max-video-preview:-1"},"canonical":"https:\/\/favor.hr\/en\/sto-moram-imati-na-web-stranicama-a-da-sam-uskladen-sa-zakonom-o-zastiti-osobnih-podataka-gdpr-om\/","og_locale":"en_US","og_type":"article","og_title":"GDPR \u0160to moram imati na web stranicama a da sam u skladu sa zakonom","og_description":"GDPR\u00a0(General Data Protection Regulation) je EU direktiva koja regulira za\u0161titu osobnih podataka EU gra\u0111ana. Pro\u010ditajte vi\u0161e.","og_url":"https:\/\/favor.hr\/en\/sto-moram-imati-na-web-stranicama-a-da-sam-uskladen-sa-zakonom-o-zastiti-osobnih-podataka-gdpr-om\/","og_site_name":"Favor Informatika","article_published_time":"2021-02-12T17:25:20+00:00","article_modified_time":"2021-06-13T10:39:24+00:00","og_image":[{"width":640,"height":426,"url":"https:\/\/favor.hr\/wp-content\/uploads\/2021\/02\/computer-3233754_640.jpg","type":"image\/jpeg"}],"author":"favoradmin","twitter_card":"summary_large_image","twitter_misc":{"Written by":"favoradmin","Est. reading time":"3 minutes"},"schema":{"@context":"https:\/\/schema.org","@graph":[{"@type":"Article","@id":"https:\/\/favor.hr\/en\/sto-moram-imati-na-web-stranicama-a-da-sam-uskladen-sa-zakonom-o-zastiti-osobnih-podataka-gdpr-om\/#article","isPartOf":{"@id":"https:\/\/favor.hr\/en\/sto-moram-imati-na-web-stranicama-a-da-sam-uskladen-sa-zakonom-o-zastiti-osobnih-podataka-gdpr-om\/"},"author":{"name":"favoradmin","@id":"https:\/\/favor.hr\/#\/schema\/person\/f0ca5c65e062680d23facb3cab956f1c"},"headline":"GDPR?! \u0160to moram imati na web stranicama, a da sam uskla\u0111en sa Zakonom o za\u0161titi osobnih podataka (GDPR-om)?","datePublished":"2021-02-12T17:25:20+00:00","dateModified":"2021-06-13T10:39:24+00:00","mainEntityOfPage":{"@id":"https:\/\/favor.hr\/en\/sto-moram-imati-na-web-stranicama-a-da-sam-uskladen-sa-zakonom-o-zastiti-osobnih-podataka-gdpr-om\/"},"wordCount":2126,"commentCount":0,"image":{"@id":"https:\/\/favor.hr\/en\/sto-moram-imati-na-web-stranicama-a-da-sam-uskladen-sa-zakonom-o-zastiti-osobnih-podataka-gdpr-om\/#primaryimage"},"thumbnailUrl":"https:\/\/favor.hr\/wp-content\/uploads\/2021\/02\/computer-3233754_640.jpg","articleSection":["Izrada web stranice","Regulativa"],"inLanguage":"en-US"},{"@type":"WebPage","@id":"https:\/\/favor.hr\/en\/sto-moram-imati-na-web-stranicama-a-da-sam-uskladen-sa-zakonom-o-zastiti-osobnih-podataka-gdpr-om\/","url":"https:\/\/favor.hr\/en\/sto-moram-imati-na-web-stranicama-a-da-sam-uskladen-sa-zakonom-o-zastiti-osobnih-podataka-gdpr-om\/","name":"GDPR \u0160to moram imati na web stranicama a da sam u skladu sa zakonom","isPartOf":{"@id":"https:\/\/favor.hr\/#website"},"primaryImageOfPage":{"@id":"https:\/\/favor.hr\/en\/sto-moram-imati-na-web-stranicama-a-da-sam-uskladen-sa-zakonom-o-zastiti-osobnih-podataka-gdpr-om\/#primaryimage"},"image":{"@id":"https:\/\/favor.hr\/en\/sto-moram-imati-na-web-stranicama-a-da-sam-uskladen-sa-zakonom-o-zastiti-osobnih-podataka-gdpr-om\/#primaryimage"},"thumbnailUrl":"https:\/\/favor.hr\/wp-content\/uploads\/2021\/02\/computer-3233754_640.jpg","datePublished":"2021-02-12T17:25:20+00:00","dateModified":"2021-06-13T10:39:24+00:00","author":{"@id":"https:\/\/favor.hr\/#\/schema\/person\/f0ca5c65e062680d23facb3cab956f1c"},"description":"GDPR\u00a0(General Data Protection Regulation) je EU direktiva koja regulira za\u0161titu osobnih podataka EU gra\u0111ana. Pro\u010ditajte vi\u0161e.","breadcrumb":{"@id":"https:\/\/favor.hr\/en\/sto-moram-imati-na-web-stranicama-a-da-sam-uskladen-sa-zakonom-o-zastiti-osobnih-podataka-gdpr-om\/#breadcrumb"},"inLanguage":"en-US","potentialAction":[{"@type":"ReadAction","target":["https:\/\/favor.hr\/en\/sto-moram-imati-na-web-stranicama-a-da-sam-uskladen-sa-zakonom-o-zastiti-osobnih-podataka-gdpr-om\/"]}]},{"@type":"ImageObject","inLanguage":"en-US","@id":"https:\/\/favor.hr\/en\/sto-moram-imati-na-web-stranicama-a-da-sam-uskladen-sa-zakonom-o-zastiti-osobnih-podataka-gdpr-om\/#primaryimage","url":"https:\/\/favor.hr\/wp-content\/uploads\/2021\/02\/computer-3233754_640.jpg","contentUrl":"https:\/\/favor.hr\/wp-content\/uploads\/2021\/02\/computer-3233754_640.jpg","width":640,"height":426,"caption":"computer 3233754 640"},{"@type":"BreadcrumbList","@id":"https:\/\/favor.hr\/en\/sto-moram-imati-na-web-stranicama-a-da-sam-uskladen-sa-zakonom-o-zastiti-osobnih-podataka-gdpr-om\/#breadcrumb","itemListElement":[{"@type":"ListItem","position":1,"name":"Po\u010detna stranica","item":"https:\/\/favor.hr\/"},{"@type":"ListItem","position":2,"name":"GDPR?! \u0160to moram imati na web stranicama, a da sam uskla\u0111en sa Zakonom o za\u0161titi osobnih podataka (GDPR-om)?"}]},{"@type":"WebSite","@id":"https:\/\/favor.hr\/#website","url":"https:\/\/favor.hr\/","name":"Favor Informatika","description":"Obrt za informati\u010dke usluge","potentialAction":[{"@type":"SearchAction","target":{"@type":"EntryPoint","urlTemplate":"https:\/\/favor.hr\/?s={search_term_string}"},"query-input":{"@type":"PropertyValueSpecification","valueRequired":true,"valueName":"search_term_string"}}],"inLanguage":"en-US"},{"@type":"Person","@id":"https:\/\/favor.hr\/#\/schema\/person\/f0ca5c65e062680d23facb3cab956f1c","name":"favoradmin","sameAs":["https:\/\/novo.favor.hr"],"url":"https:\/\/favor.hr\/en\/author\/favoradmin\/"}]}},"_links":{"self":[{"href":"https:\/\/favor.hr\/en\/wp-json\/wp\/v2\/posts\/6820","targetHints":{"allow":["GET"]}}],"collection":[{"href":"https:\/\/favor.hr\/en\/wp-json\/wp\/v2\/posts"}],"about":[{"href":"https:\/\/favor.hr\/en\/wp-json\/wp\/v2\/types\/post"}],"author":[{"embeddable":true,"href":"https:\/\/favor.hr\/en\/wp-json\/wp\/v2\/users\/1"}],"replies":[{"embeddable":true,"href":"https:\/\/favor.hr\/en\/wp-json\/wp\/v2\/comments?post=6820"}],"version-history":[{"count":9,"href":"https:\/\/favor.hr\/en\/wp-json\/wp\/v2\/posts\/6820\/revisions"}],"predecessor-version":[{"id":7709,"href":"https:\/\/favor.hr\/en\/wp-json\/wp\/v2\/posts\/6820\/revisions\/7709"}],"wp:featuredmedia":[{"embeddable":true,"href":"https:\/\/favor.hr\/en\/wp-json\/wp\/v2\/media\/6854"}],"wp:attachment":[{"href":"https:\/\/favor.hr\/en\/wp-json\/wp\/v2\/media?parent=6820"}],"wp:term":[{"taxonomy":"category","embeddable":true,"href":"https:\/\/favor.hr\/en\/wp-json\/wp\/v2\/categories?post=6820"},{"taxonomy":"post_tag","embeddable":true,"href":"https:\/\/favor.hr\/en\/wp-json\/wp\/v2\/tags?post=6820"}],"curies":[{"name":"wp","href":"https:\/\/api.w.org\/{rel}","templated":true}]}}