{"id":8700,"date":"2025-05-26T19:33:28","date_gmt":"2025-05-26T19:33:28","guid":{"rendered":"https:\/\/favor.hr\/?p=8700"},"modified":"2025-08-26T19:40:11","modified_gmt":"2025-08-26T19:40:11","slug":"novi-zakon-o-pristupacnosti-web-stranica-i-usluga-sto-trebate-znati","status":"publish","type":"post","link":"https:\/\/favor.hr\/de\/novi-zakon-o-pristupacnosti-web-stranica-i-usluga-sto-trebate-znati\/","title":{"rendered":"Neues Gesetz zur Barrierefreiheit von Websites \u2013 Was Sie wissen m\u00fcssen"},"content":{"rendered":"Im Einklang mit den neuen europ\u00e4ischen und kroatischen Gesetzen tritt am <strong>28. Juni 2025<\/strong> das <strong>Gesetz \u00fcber Barrierefreiheitsanforderungen f\u00fcr Produkte und Dienstleistungen (NN 89\/2025)<\/strong> in Kraft. Ziel ist es, gleichberechtigten Zugang zu digitalen Inhalten f\u00fcr Menschen mit Behinderungen, \u00e4ltere Menschen und andere gef\u00e4hrdete Nutzergruppen zu gew\u00e4hrleisten.\r\n\r\nF\u00fcr den \u00f6ffentlichen Sektor, Schulen, Gemeinden und andere Institutionen gelten bereits die Verpflichtungen nach dem <strong>Gesetz \u00fcber die Barrierefreiheit von Websites und mobilen Anwendungen \u00f6ffentlicher Stellen (NN 17\/2019)<\/strong>.\r\n<div contenteditable=\"false\">\r\n\r\n<hr \/>\r\n\r\n<\/div>\r\n<h3>Wer ist verpflichtet?<\/h3>\r\n&#x1f3eb; <strong>\u00d6ffentliche Einrichtungen<\/strong> (Schulen, Gemeinden, St\u00e4dte&#8230;) \u2013 Verpflichtung gilt bereits.\r\n&#x1f3e2; <strong>Unternehmen, die keine Kleinstunternehmen sind<\/strong> \u2013 verpflichtend ab 2025.\r\n&#x1f6cd;&#xfe0f; <strong>Onlineshops<\/strong> \u2013 verpflichtend, wenn kein Kleinstunternehmen.\r\n&#x2139;&#xfe0f; <strong>Kleinstunternehmen<\/strong> (weniger als 10 Mitarbeiter und &lt; 2 Mio. \u20ac Umsatz\/Verm\u00f6gen) \u2013 rechtlich nicht verpflichtet, Anpassungen jedoch empfohlen (Professionalit\u00e4t, SEO, Inklusion).\r\n<div contenteditable=\"false\">\r\n\r\n<hr \/>\r\n\r\n<\/div>\r\n<h3>\u00dcberblick der Verpflichtungen nach Website-Typ<\/h3>\r\n<table>\r\n<tbody>\r\n<tr>\r\n<td>Verpflichtung<\/td>\r\n<td>\u00d6ffentliche Einrichtungen<\/td>\r\n<td>Onlineshop<\/td>\r\n<td>Pr\u00e4sentationsseite<\/td>\r\n<\/tr>\r\n<tr>\r\n<td>Barrierefreiheits-Plugin<\/td>\r\n<td>&#x2714;&#xfe0f;<\/td>\r\n<td>&#x2714;&#xfe0f;<\/td>\r\n<td>&#x2714;&#xfe0f;<\/td>\r\n<\/tr>\r\n<tr>\r\n<td>ALT-Bildbeschreibungen<\/td>\r\n<td>&#x2714;&#xfe0f;<\/td>\r\n<td>&#x2714;&#xfe0f;<\/td>\r\n<td>&#x2714;&#xfe0f;<\/td>\r\n<\/tr>\r\n<tr>\r\n<td>Semantische Struktur<\/td>\r\n<td>&#x2714;&#xfe0f;<\/td>\r\n<td>&#x2714;&#xfe0f;<\/td>\r\n<td>&#x2714;&#xfe0f;<\/td>\r\n<\/tr>\r\n<tr>\r\n<td>Tastaturfokus \/ Screenreader<\/td>\r\n<td>&#x2714;&#xfe0f;<\/td>\r\n<td>&#x2714;&#xfe0f;<\/td>\r\n<td>&#x2714;&#xfe0f;<\/td>\r\n<\/tr>\r\n<tr>\r\n<td>Erkl\u00e4rung zur Barrierefreiheit<\/td>\r\n<td>&#x2714;&#xfe0f;<\/td>\r\n<td>&#x2714;&#xfe0f;<\/td>\r\n<td>&#x2714;&#xfe0f;<\/td>\r\n<\/tr>\r\n<tr>\r\n<td>Feedbackformular \/ E-Mail<\/td>\r\n<td>&#x2714;&#xfe0f;<\/td>\r\n<td>&#x2714;&#xfe0f;<\/td>\r\n<td>&#x2714;&#xfe0f;<\/td>\r\n<\/tr>\r\n<tr>\r\n<td>Barrierefreie Formulare<\/td>\r\n<td>&#x2714;&#xfe0f;<\/td>\r\n<td>&#x2714;&#xfe0f;<\/td>\r\n<td>&#x1f538; falls vorhanden<\/td>\r\n<\/tr>\r\n<tr>\r\n<td>Checkout-Prozess<\/td>\r\n<td>&#x2716;&#xfe0f;<\/td>\r\n<td>&#x2714;&#xfe0f;<\/td>\r\n<td>&#x2716;&#xfe0f;<\/td>\r\n<\/tr>\r\n<tr>\r\n<td>JS-Elemente (Pop-up, AJAX)<\/td>\r\n<td>&#x1f538;<\/td>\r\n<td>&#x2714;&#xfe0f;<\/td>\r\n<td>&#x1f538;<\/td>\r\n<\/tr>\r\n<tr>\r\n<td>Barrierefreie PDF-Dokumente<\/td>\r\n<td>&#x2714;&#xfe0f;<\/td>\r\n<td>&#x2714;&#xfe0f;<\/td>\r\n<td>&#x1f538; falls vorhanden<\/td>\r\n<\/tr>\r\n<tr>\r\n<td>Wartung und Tests<\/td>\r\n<td>&#x1f538;<\/td>\r\n<td>&#x1f538;<\/td>\r\n<td>&#x1f538;<\/td>\r\n<\/tr>\r\n<\/tbody>\r\n<\/table>\r\n<div contenteditable=\"false\">\r\n\r\n<hr \/>\r\n\r\n<\/div>\r\n<h3>Wie wir Ihnen helfen k\u00f6nnen<\/h3>\r\nAls Ihr Webmaster bietet <strong>Favor Informatika<\/strong> umfassende Unterst\u00fctzung bei technischen und inhaltlichen Anpassungen:\r\n\r\n&#x1f527; Installation von WordPress-Plugins zur Barrierefreiheit\r\n&#x1f5bc;&#xfe0f; Hinzuf\u00fcgen von ALT-Texten und semantischer Struktur\r\n&#x1f4c4; Erstellung einer Erkl\u00e4rung zur Barrierefreiheit und Implementierung eines Kontaktformulars\r\n&#x1f9ea; Tests mit Tastatur und Screenreadern (NVDA, VoiceOver)\r\n&#x1f4e5; Anpassung von PDF- und anderen Dokumenten\r\n<div contenteditable=\"false\">\r\n\r\n<hr \/>\r\n\r\n<\/div>\r\n&#x2696;&#xfe0f; <strong>Hinweis:<\/strong>\r\nDieser Blog bietet eine vereinfachte \u00dcbersicht. Wenn Sie ein gr\u00f6\u00dferes Unternehmen sind, empfehlen wir eine rechtliche Beratung zur genauen Auslegung Ihres Status und Ihrer Pflichten.\r\n\r\nUnabh\u00e4ngig davon, ob Sie rechtlich verpflichtet sind oder als Kleinstunternehmen die Qualit\u00e4t und Professionalit\u00e4t Ihrer Website verbessern m\u00f6chten \u2013 kontaktieren Sie uns gerne, damit wir Ihre Bed\u00fcrfnisse analysieren und die besten L\u00f6sungen finden k\u00f6nnen.","protected":false},"excerpt":{"rendered":"<p>Im Einklang mit den neuen europ\u00e4ischen und kroatischen Gesetzen tritt am 28. Juni 2025 das Gesetz \u00fcber Barrierefreiheitsanforderungen f\u00fcr Produkte und Dienstleistungen (NN 89\/2025) in Kraft. Ziel ist es, gleichberechtigten Zugang zu digitalen Inhalten f\u00fcr Menschen mit Behinderungen, \u00e4ltere Menschen und andere gef\u00e4hrdete Nutzergruppen zu gew\u00e4hrleisten. F\u00fcr den \u00f6ffentlichen Sektor, Schulen, Gemeinden und andere Institutionen [&hellip;]<\/p>\n","protected":false},"author":1,"featured_media":8702,"comment_status":"closed","ping_status":"closed","sticky":false,"template":"","format":"standard","meta":{"_acf_changed":false,"footnotes":""},"categories":[18],"tags":[],"class_list":["post-8700","post","type-post","status-publish","format-standard","has-post-thumbnail","hentry","category-regulativa"],"acf":[],"yoast_head":"<!-- This site is optimized with the Yoast SEO plugin v27.4 - https:\/\/yoast.com\/product\/yoast-seo-wordpress\/ -->\n<title>Novi zakon o pristupa\u010dnosti web stranica i usluga<\/title>\n<meta name=\"description\" content=\"Novi zakon o pristupa\u010dnosti web stranica i usluga - cilj je omogu\u0107iti ravnopravan pristup digitalnim sadr\u017eajima svim ranjivim skupinama.\" \/>\n<meta name=\"robots\" content=\"index, follow, max-snippet:-1, max-image-preview:large, max-video-preview:-1\" \/>\n<link rel=\"canonical\" href=\"https:\/\/favor.hr\/novi-zakon-o-pristupacnosti-web-stranica-i-usluga-sto-trebate-znati\/\" \/>\n<meta property=\"og:locale\" content=\"de_DE\" \/>\n<meta property=\"og:type\" content=\"article\" \/>\n<meta property=\"og:title\" content=\"Novi zakon o pristupa\u010dnosti web stranica i usluga\" \/>\n<meta property=\"og:description\" content=\"Novi zakon o pristupa\u010dnosti web stranica i usluga - cilj je omogu\u0107iti ravnopravan pristup digitalnim sadr\u017eajima svim ranjivim skupinama.\" \/>\n<meta property=\"og:url\" content=\"https:\/\/favor.hr\/novi-zakon-o-pristupacnosti-web-stranica-i-usluga-sto-trebate-znati\/\" \/>\n<meta property=\"og:site_name\" content=\"Favor Informatika\" \/>\n<meta property=\"article:published_time\" content=\"2025-05-26T19:33:28+00:00\" \/>\n<meta property=\"article:modified_time\" content=\"2025-08-26T19:40:11+00:00\" \/>\n<meta property=\"og:image\" content=\"https:\/\/favor.hr\/wp-content\/uploads\/2025\/08\/web-accessibility-program-abstract-concept-vector-illustration_107173-20997.png\" \/>\n\t<meta property=\"og:image:width\" content=\"740\" \/>\n\t<meta property=\"og:image:height\" content=\"740\" \/>\n\t<meta property=\"og:image:type\" content=\"image\/png\" \/>\n<meta name=\"author\" content=\"favoradmin\" \/>\n<meta name=\"twitter:card\" content=\"summary_large_image\" \/>\n<meta name=\"twitter:label1\" content=\"Verfasst von\" \/>\n\t<meta name=\"twitter:data1\" content=\"favoradmin\" \/>\n\t<meta name=\"twitter:label2\" content=\"Gesch\u00e4tzte Lesezeit\" \/>\n\t<meta name=\"twitter:data2\" content=\"2\u00a0Minuten\" \/>\n<script type=\"application\/ld+json\" class=\"yoast-schema-graph\">{\"@context\":\"https:\\\/\\\/schema.org\",\"@graph\":[{\"@type\":\"Article\",\"@id\":\"https:\\\/\\\/favor.hr\\\/novi-zakon-o-pristupacnosti-web-stranica-i-usluga-sto-trebate-znati\\\/#article\",\"isPartOf\":{\"@id\":\"https:\\\/\\\/favor.hr\\\/novi-zakon-o-pristupacnosti-web-stranica-i-usluga-sto-trebate-znati\\\/\"},\"author\":{\"name\":\"favoradmin\",\"@id\":\"https:\\\/\\\/favor.hr\\\/#\\\/schema\\\/person\\\/f0ca5c65e062680d23facb3cab956f1c\"},\"headline\":\"Neues Gesetz zur Barrierefreiheit von Websites \u2013 Was Sie wissen m\u00fcssen\",\"datePublished\":\"2025-05-26T19:33:28+00:00\",\"dateModified\":\"2025-08-26T19:40:11+00:00\",\"mainEntityOfPage\":{\"@id\":\"https:\\\/\\\/favor.hr\\\/novi-zakon-o-pristupacnosti-web-stranica-i-usluga-sto-trebate-znati\\\/\"},\"wordCount\":1285,\"image\":{\"@id\":\"https:\\\/\\\/favor.hr\\\/novi-zakon-o-pristupacnosti-web-stranica-i-usluga-sto-trebate-znati\\\/#primaryimage\"},\"thumbnailUrl\":\"https:\\\/\\\/favor.hr\\\/wp-content\\\/uploads\\\/2025\\\/08\\\/web-accessibility-program-abstract-concept-vector-illustration_107173-20997.png\",\"articleSection\":[\"Regulativa\"],\"inLanguage\":\"de\"},{\"@type\":\"WebPage\",\"@id\":\"https:\\\/\\\/favor.hr\\\/novi-zakon-o-pristupacnosti-web-stranica-i-usluga-sto-trebate-znati\\\/\",\"url\":\"https:\\\/\\\/favor.hr\\\/novi-zakon-o-pristupacnosti-web-stranica-i-usluga-sto-trebate-znati\\\/\",\"name\":\"Novi zakon o pristupa\u010dnosti web stranica i usluga\",\"isPartOf\":{\"@id\":\"https:\\\/\\\/favor.hr\\\/#website\"},\"primaryImageOfPage\":{\"@id\":\"https:\\\/\\\/favor.hr\\\/novi-zakon-o-pristupacnosti-web-stranica-i-usluga-sto-trebate-znati\\\/#primaryimage\"},\"image\":{\"@id\":\"https:\\\/\\\/favor.hr\\\/novi-zakon-o-pristupacnosti-web-stranica-i-usluga-sto-trebate-znati\\\/#primaryimage\"},\"thumbnailUrl\":\"https:\\\/\\\/favor.hr\\\/wp-content\\\/uploads\\\/2025\\\/08\\\/web-accessibility-program-abstract-concept-vector-illustration_107173-20997.png\",\"datePublished\":\"2025-05-26T19:33:28+00:00\",\"dateModified\":\"2025-08-26T19:40:11+00:00\",\"author\":{\"@id\":\"https:\\\/\\\/favor.hr\\\/#\\\/schema\\\/person\\\/f0ca5c65e062680d23facb3cab956f1c\"},\"description\":\"Novi zakon o pristupa\u010dnosti web stranica i usluga - cilj je omogu\u0107iti ravnopravan pristup digitalnim sadr\u017eajima svim ranjivim skupinama.\",\"breadcrumb\":{\"@id\":\"https:\\\/\\\/favor.hr\\\/novi-zakon-o-pristupacnosti-web-stranica-i-usluga-sto-trebate-znati\\\/#breadcrumb\"},\"inLanguage\":\"de\",\"potentialAction\":[{\"@type\":\"ReadAction\",\"target\":[\"https:\\\/\\\/favor.hr\\\/novi-zakon-o-pristupacnosti-web-stranica-i-usluga-sto-trebate-znati\\\/\"]}]},{\"@type\":\"ImageObject\",\"inLanguage\":\"de\",\"@id\":\"https:\\\/\\\/favor.hr\\\/novi-zakon-o-pristupacnosti-web-stranica-i-usluga-sto-trebate-znati\\\/#primaryimage\",\"url\":\"https:\\\/\\\/favor.hr\\\/wp-content\\\/uploads\\\/2025\\\/08\\\/web-accessibility-program-abstract-concept-vector-illustration_107173-20997.png\",\"contentUrl\":\"https:\\\/\\\/favor.hr\\\/wp-content\\\/uploads\\\/2025\\\/08\\\/web-accessibility-program-abstract-concept-vector-illustration_107173-20997.png\",\"width\":740,\"height\":740,\"caption\":\"web accessibility program abstract concept vector illustration 107173 20997\"},{\"@type\":\"BreadcrumbList\",\"@id\":\"https:\\\/\\\/favor.hr\\\/novi-zakon-o-pristupacnosti-web-stranica-i-usluga-sto-trebate-znati\\\/#breadcrumb\",\"itemListElement\":[{\"@type\":\"ListItem\",\"position\":1,\"name\":\"Po\u010detna stranica\",\"item\":\"https:\\\/\\\/favor.hr\\\/\"},{\"@type\":\"ListItem\",\"position\":2,\"name\":\"Novi zakon o pristupa\u010dnosti web stranica i usluga \u2013 \u0161to trebate znati\"}]},{\"@type\":\"WebSite\",\"@id\":\"https:\\\/\\\/favor.hr\\\/#website\",\"url\":\"https:\\\/\\\/favor.hr\\\/\",\"name\":\"Favor Informatika\",\"description\":\"Obrt za informati\u010dke usluge\",\"potentialAction\":[{\"@type\":\"SearchAction\",\"target\":{\"@type\":\"EntryPoint\",\"urlTemplate\":\"https:\\\/\\\/favor.hr\\\/?s={search_term_string}\"},\"query-input\":{\"@type\":\"PropertyValueSpecification\",\"valueRequired\":true,\"valueName\":\"search_term_string\"}}],\"inLanguage\":\"de\"},{\"@type\":\"Person\",\"@id\":\"https:\\\/\\\/favor.hr\\\/#\\\/schema\\\/person\\\/f0ca5c65e062680d23facb3cab956f1c\",\"name\":\"favoradmin\",\"sameAs\":[\"https:\\\/\\\/novo.favor.hr\"],\"url\":\"https:\\\/\\\/favor.hr\\\/de\\\/author\\\/favoradmin\\\/\"}]}<\/script>\n<!-- \/ Yoast SEO plugin. -->","yoast_head_json":{"title":"Novi zakon o pristupa\u010dnosti web stranica i usluga","description":"Novi zakon o pristupa\u010dnosti web stranica i usluga - cilj je omogu\u0107iti ravnopravan pristup digitalnim sadr\u017eajima svim ranjivim skupinama.","robots":{"index":"index","follow":"follow","max-snippet":"max-snippet:-1","max-image-preview":"max-image-preview:large","max-video-preview":"max-video-preview:-1"},"canonical":"https:\/\/favor.hr\/novi-zakon-o-pristupacnosti-web-stranica-i-usluga-sto-trebate-znati\/","og_locale":"de_DE","og_type":"article","og_title":"Novi zakon o pristupa\u010dnosti web stranica i usluga","og_description":"Novi zakon o pristupa\u010dnosti web stranica i usluga - cilj je omogu\u0107iti ravnopravan pristup digitalnim sadr\u017eajima svim ranjivim skupinama.","og_url":"https:\/\/favor.hr\/novi-zakon-o-pristupacnosti-web-stranica-i-usluga-sto-trebate-znati\/","og_site_name":"Favor Informatika","article_published_time":"2025-05-26T19:33:28+00:00","article_modified_time":"2025-08-26T19:40:11+00:00","og_image":[{"width":740,"height":740,"url":"https:\/\/favor.hr\/wp-content\/uploads\/2025\/08\/web-accessibility-program-abstract-concept-vector-illustration_107173-20997.png","type":"image\/png"}],"author":"favoradmin","twitter_card":"summary_large_image","twitter_misc":{"Verfasst von":"favoradmin","Gesch\u00e4tzte Lesezeit":"2\u00a0Minuten"},"schema":{"@context":"https:\/\/schema.org","@graph":[{"@type":"Article","@id":"https:\/\/favor.hr\/novi-zakon-o-pristupacnosti-web-stranica-i-usluga-sto-trebate-znati\/#article","isPartOf":{"@id":"https:\/\/favor.hr\/novi-zakon-o-pristupacnosti-web-stranica-i-usluga-sto-trebate-znati\/"},"author":{"name":"favoradmin","@id":"https:\/\/favor.hr\/#\/schema\/person\/f0ca5c65e062680d23facb3cab956f1c"},"headline":"Neues Gesetz zur Barrierefreiheit von Websites \u2013 Was Sie wissen m\u00fcssen","datePublished":"2025-05-26T19:33:28+00:00","dateModified":"2025-08-26T19:40:11+00:00","mainEntityOfPage":{"@id":"https:\/\/favor.hr\/novi-zakon-o-pristupacnosti-web-stranica-i-usluga-sto-trebate-znati\/"},"wordCount":1285,"image":{"@id":"https:\/\/favor.hr\/novi-zakon-o-pristupacnosti-web-stranica-i-usluga-sto-trebate-znati\/#primaryimage"},"thumbnailUrl":"https:\/\/favor.hr\/wp-content\/uploads\/2025\/08\/web-accessibility-program-abstract-concept-vector-illustration_107173-20997.png","articleSection":["Regulativa"],"inLanguage":"de"},{"@type":"WebPage","@id":"https:\/\/favor.hr\/novi-zakon-o-pristupacnosti-web-stranica-i-usluga-sto-trebate-znati\/","url":"https:\/\/favor.hr\/novi-zakon-o-pristupacnosti-web-stranica-i-usluga-sto-trebate-znati\/","name":"Novi zakon o pristupa\u010dnosti web stranica i usluga","isPartOf":{"@id":"https:\/\/favor.hr\/#website"},"primaryImageOfPage":{"@id":"https:\/\/favor.hr\/novi-zakon-o-pristupacnosti-web-stranica-i-usluga-sto-trebate-znati\/#primaryimage"},"image":{"@id":"https:\/\/favor.hr\/novi-zakon-o-pristupacnosti-web-stranica-i-usluga-sto-trebate-znati\/#primaryimage"},"thumbnailUrl":"https:\/\/favor.hr\/wp-content\/uploads\/2025\/08\/web-accessibility-program-abstract-concept-vector-illustration_107173-20997.png","datePublished":"2025-05-26T19:33:28+00:00","dateModified":"2025-08-26T19:40:11+00:00","author":{"@id":"https:\/\/favor.hr\/#\/schema\/person\/f0ca5c65e062680d23facb3cab956f1c"},"description":"Novi zakon o pristupa\u010dnosti web stranica i usluga - cilj je omogu\u0107iti ravnopravan pristup digitalnim sadr\u017eajima svim ranjivim skupinama.","breadcrumb":{"@id":"https:\/\/favor.hr\/novi-zakon-o-pristupacnosti-web-stranica-i-usluga-sto-trebate-znati\/#breadcrumb"},"inLanguage":"de","potentialAction":[{"@type":"ReadAction","target":["https:\/\/favor.hr\/novi-zakon-o-pristupacnosti-web-stranica-i-usluga-sto-trebate-znati\/"]}]},{"@type":"ImageObject","inLanguage":"de","@id":"https:\/\/favor.hr\/novi-zakon-o-pristupacnosti-web-stranica-i-usluga-sto-trebate-znati\/#primaryimage","url":"https:\/\/favor.hr\/wp-content\/uploads\/2025\/08\/web-accessibility-program-abstract-concept-vector-illustration_107173-20997.png","contentUrl":"https:\/\/favor.hr\/wp-content\/uploads\/2025\/08\/web-accessibility-program-abstract-concept-vector-illustration_107173-20997.png","width":740,"height":740,"caption":"web accessibility program abstract concept vector illustration 107173 20997"},{"@type":"BreadcrumbList","@id":"https:\/\/favor.hr\/novi-zakon-o-pristupacnosti-web-stranica-i-usluga-sto-trebate-znati\/#breadcrumb","itemListElement":[{"@type":"ListItem","position":1,"name":"Po\u010detna stranica","item":"https:\/\/favor.hr\/"},{"@type":"ListItem","position":2,"name":"Novi zakon o pristupa\u010dnosti web stranica i usluga \u2013 \u0161to trebate znati"}]},{"@type":"WebSite","@id":"https:\/\/favor.hr\/#website","url":"https:\/\/favor.hr\/","name":"Favor Informatika","description":"Obrt za informati\u010dke usluge","potentialAction":[{"@type":"SearchAction","target":{"@type":"EntryPoint","urlTemplate":"https:\/\/favor.hr\/?s={search_term_string}"},"query-input":{"@type":"PropertyValueSpecification","valueRequired":true,"valueName":"search_term_string"}}],"inLanguage":"de"},{"@type":"Person","@id":"https:\/\/favor.hr\/#\/schema\/person\/f0ca5c65e062680d23facb3cab956f1c","name":"favoradmin","sameAs":["https:\/\/novo.favor.hr"],"url":"https:\/\/favor.hr\/de\/author\/favoradmin\/"}]}},"_links":{"self":[{"href":"https:\/\/favor.hr\/de\/wp-json\/wp\/v2\/posts\/8700","targetHints":{"allow":["GET"]}}],"collection":[{"href":"https:\/\/favor.hr\/de\/wp-json\/wp\/v2\/posts"}],"about":[{"href":"https:\/\/favor.hr\/de\/wp-json\/wp\/v2\/types\/post"}],"author":[{"embeddable":true,"href":"https:\/\/favor.hr\/de\/wp-json\/wp\/v2\/users\/1"}],"replies":[{"embeddable":true,"href":"https:\/\/favor.hr\/de\/wp-json\/wp\/v2\/comments?post=8700"}],"version-history":[{"count":3,"href":"https:\/\/favor.hr\/de\/wp-json\/wp\/v2\/posts\/8700\/revisions"}],"predecessor-version":[{"id":8704,"href":"https:\/\/favor.hr\/de\/wp-json\/wp\/v2\/posts\/8700\/revisions\/8704"}],"wp:featuredmedia":[{"embeddable":true,"href":"https:\/\/favor.hr\/de\/wp-json\/wp\/v2\/media\/8702"}],"wp:attachment":[{"href":"https:\/\/favor.hr\/de\/wp-json\/wp\/v2\/media?parent=8700"}],"wp:term":[{"taxonomy":"category","embeddable":true,"href":"https:\/\/favor.hr\/de\/wp-json\/wp\/v2\/categories?post=8700"},{"taxonomy":"post_tag","embeddable":true,"href":"https:\/\/favor.hr\/de\/wp-json\/wp\/v2\/tags?post=8700"}],"curies":[{"name":"wp","href":"https:\/\/api.w.org\/{rel}","templated":true}]}}